{"id":2125,"date":"2021-02-22T14:55:42","date_gmt":"2021-02-22T13:55:42","guid":{"rendered":"https:\/\/squishy-nobones.de\/?p=2125"},"modified":"2021-02-26T22:04:32","modified_gmt":"2021-02-26T21:04:32","slug":"25-dumme-corona-fragen","status":"publish","type":"post","link":"https:\/\/squishy-nobones.de\/?p=2125","title":{"rendered":"25 DuMMe CoRoNa-Fragen"},"content":{"rendered":"\n<p>HaLLo, ich bIn eS, Squishy, der getriggerte Tintenfisch. Immer wenn ich denke, komm, jetzt lass Corona mal Corona sein, geht mich als Tintenfisch ja eh nix an, kommt irgend so ein Volldepp um die Ecke und verstreut einen derma\u00dfenen Quark, dass ich mich in meiner selbstlosen Art dazu gen\u00f6tigt f\u00fchle, ein paar inhaltliche Korrekturen vorzunehmen. Einfach so, um euch minderhirnige Hominiden zu unterst\u00fctzen. Entwicklungshilfe quasi.<\/p>\n\n\n\n<figure class=\"wp-block-image size-large\"><img loading=\"lazy\" decoding=\"async\" width=\"1024\" height=\"576\" src=\"https:\/\/squishy-nobones.de\/wp-content\/uploads\/2021\/02\/25-00-1024x576.jpg\" alt=\"\" class=\"wp-image-2150\" srcset=\"https:\/\/squishy-nobones.de\/wp-content\/uploads\/2021\/02\/25-00-1024x576.jpg 1024w, https:\/\/squishy-nobones.de\/wp-content\/uploads\/2021\/02\/25-00-300x169.jpg 300w, https:\/\/squishy-nobones.de\/wp-content\/uploads\/2021\/02\/25-00-768x432.jpg 768w, https:\/\/squishy-nobones.de\/wp-content\/uploads\/2021\/02\/25-00-350x197.jpg 350w, https:\/\/squishy-nobones.de\/wp-content\/uploads\/2021\/02\/25-00-860x484.jpg 860w, https:\/\/squishy-nobones.de\/wp-content\/uploads\/2021\/02\/25-00.jpg 1183w\" sizes=\"(max-width: 1024px) 100vw, 1024px\" \/><\/figure>\n\n\n\n<p>In heutigen Fall heute ist es eine Facebook-Seite namens &#8222;Deutsch sein Ist Kein Verbrechen&#8220; [sic!], die euch Menschen meint belehren zu m\u00fcssen, dass ihr gar nicht von einer Pandemie gebeutelt w\u00e4rt. Welch lustiger Club Idioten, der mit 25 entlarvenden Fragen meint, die &#8222;L\u00fcgen&#8220; der Pandemie zu offenbaren, tats\u00e4chlich aber nur das eigene Versagen deutlich macht. <\/p>\n\n\n\n<p>Hier also sind sie: &#8222;25 Fragen, die Du stellen kannst, wenn jemand an die Pandemie glaubt&#8220; &#8211; damit du zeigen kannst, dass du ein Vollhorst bist:<\/p>\n\n\n\n<p class=\"has-background\" style=\"background-color:#d8d8d8\"><em>1. Warum h\u00f6ren wir nicht Tag und Nacht konstant die Sirenen der Rettungsfahrzeuge?<\/em><\/p>\n\n\n\n<p>Was denkst du, wie eine Pandemie aussieht? Sirenen? Und die heulen konstant? Jede Minute saust ein jaulender Rettungswagen an deiner T\u00fcr vorbei? Nicht einmal das w\u00e4re konstant. Aber das w\u00e4ren immerhin 60 Rettungswagen in der Stunde, 1.440 am Tag. Nur vor deiner T\u00fcr bzw. in H\u00f6rreichweite. W\u00fcrde das pro Landkreis nur einmal passieren, jeeine Sirene pro Minute und Landkreis (davon habt ihr 294 in Deutschland) oder Kreisfreier Stadt (nochmal 107 dazu), also je 1.440 Rettungseins\u00e4tze in 401 Gemeinden, dann w\u00e4ren das 577.440 Rettungseins\u00e4tze am Tag, 4.042.080 in der Woche. Bei 83 Millionen Menschen in eurem Land w\u00e4ren dann nach 20,5 Wochen alle einmal im Rettungswagen gewesen. Alle, ausnahmslos.<\/p>\n\n\n\n<figure class=\"wp-block-image size-large\"><img loading=\"lazy\" decoding=\"async\" width=\"1024\" height=\"576\" src=\"https:\/\/squishy-nobones.de\/wp-content\/uploads\/2021\/02\/grafik-1-1024x576.png\" alt=\"\" class=\"wp-image-2152\" srcset=\"https:\/\/squishy-nobones.de\/wp-content\/uploads\/2021\/02\/grafik-1-1024x576.png 1024w, https:\/\/squishy-nobones.de\/wp-content\/uploads\/2021\/02\/grafik-1-300x169.png 300w, https:\/\/squishy-nobones.de\/wp-content\/uploads\/2021\/02\/grafik-1-768x432.png 768w, https:\/\/squishy-nobones.de\/wp-content\/uploads\/2021\/02\/grafik-1-1536x864.png 1536w, https:\/\/squishy-nobones.de\/wp-content\/uploads\/2021\/02\/grafik-1-350x197.png 350w, https:\/\/squishy-nobones.de\/wp-content\/uploads\/2021\/02\/grafik-1-860x484.png 860w, https:\/\/squishy-nobones.de\/wp-content\/uploads\/2021\/02\/grafik-1.png 1920w\" sizes=\"(max-width: 1024px) 100vw, 1024px\" \/><\/figure>\n\n\n\n<p>Die Kranken und Toten reichen vielleicht nicht ansatzweise f\u00fcr ein derart apokalyptisches  Katastrophenszenario, reichen aber v\u00f6llig, um im Ernstfall die Notaufnahmen zu \u00fcberlasten. Wenn ein Krankenhaus nur 15 entsprechende Betten hat, die Patienten da etwa zwei Wochen bleiben, dann muss die Sirene nur einmal am Tag heulen, vielleicht nicht einmal in H\u00f6rweite, wenn man nicht direkt gegen\u00fcber der Einsatzzentrale wohnt, und der Laden ist dicht. Bei unserem konstanten, min\u00fctlichen Geheule w\u00e4re nach einer Viertelstunde Schicht!<\/p>\n\n\n\n<p>Warum man nicht konstant Sirenen h\u00f6rt? Weil du keine, gar keine Ahnung davon hast, wie das aussieht, was das bedeutet, wenn man &#8222;konstant&#8220; Sirenen h\u00f6rt. Weil das eine total d\u00e4mliche Frage ist, die nur jemand stellen kann, der oder die oder das sich keine Vorstellung von dem macht, was man da gerade von sich gibt.<\/p>\n\n\n\n<p>Sind die anderen Fragen auch so superschlau? Immer wieder faszinierend, wenn das eine Gehirn nicht einmal f\u00fcr die einfachsten Rechenaufgaben ausreicht.<\/p>\n\n\n\n<p class=\"has-background\" style=\"background-color:#d8d8d8\"><em>2. Warum sind die Bestattungsinstitute nicht h\u00f6her ausgelastet als in den vorherigen Jahren?<\/em><\/p>\n\n\n\n<p>H\u00e4h? Hast du dir einen Heilstein in die Nase gerammt, mit der Zuckerzange entfernt und aus den Popelspuren irgendwelche Zahlen abgelesen? Was ist mit dem hier:<\/p>\n\n\n\n<ul class=\"wp-block-list\"><li><a href=\"https:\/\/www.welt.de\/regionales\/rheinland-pfalz-saarland\/article225329487\/Corona-beschert-Krematorien-mehr-Arbeit.html\">https:\/\/www.welt.de\/regionales\/rheinland-pfalz-saarland\/article225329487\/Corona-beschert-Krematorien-mehr-Arbeit.html<\/a><\/li><li><a href=\"https:\/\/www.donaukurier.de\/lokales\/hilpoltstein\/Covid-19-Wir-arbeiten-rund-um-die-Uhr;art596,4738211\">https:\/\/www.donaukurier.de\/lokales\/hilpoltstein\/Covid-19-Wir-arbeiten-rund-um-die-Uhr;art596,4738211<\/a><\/li><li><a href=\"https:\/\/www.t-online.de\/nachrichten\/deutschland\/id_89175178\/corona-in-sachsen-bestatter-sind-an-der-belastungsgrenze.html\">https:\/\/www.t-online.de\/nachrichten\/deutschland\/id_89175178\/corona-in-sachsen-bestatter-sind-an-der-belastungsgrenze.html<\/a><\/li><\/ul>\n\n\n\n<p>Alles L\u00fcgenpresse, B\u00fcgelmesse, H\u00fcgelkresse? Und wenn man sich die <a href=\"https:\/\/www.destatis.de\/DE\/Themen\/Gesellschaft-Umwelt\/Bevoelkerung\/Sterbefaelle-Lebenserwartung\/sterbefallzahlen.html\">aktuellen Zahlen des Statistischen Bundesamtes<\/a> ansieht (Stand: 16. Februar 2021), was passiert wohl mit den ganzen Leichen? Werden die im Hinterhof verscharrt? &#8222;Im Januar 2021 lagen die Sterbe\u00adfallzahlen insgesamt noch 19% \u00fcber dem Durch\u00adschnitt der vier Vorjahre.&#8220; Neunzehn Prozent ist nichts? Auch gelogen? Man kann sich die Welt auch sch\u00f6nreden, indem man einfach alles, was einem nicht gef\u00e4llt f\u00fcr Fake erkl\u00e4rt&#8230; Hey, wenn dein Haus mal brennt, einfach Papiert\u00fcte \u00fcber den Kopf ziehen, dann sieht man nix mehr und alles wird gut, oder wie?<\/p>\n\n\n\n<p class=\"has-background\" style=\"background-color:#d8d8d8\"><em>3. Warum sehen wir nicht endlose Reihen von Menschen auf den Friedh\u00f6fen, die ihre Lieben zu Grabe tragen?<\/em><\/p>\n\n\n\n<p>Okay, ich nehme mal an &#8222;endlos&#8220; ist hier eine \u00dcbertreibung. Aber der Rest sollte schon mal klar sein. Nebenbei: Es gibt ca. 32.000 Friedh\u00f6fe in Deutschland. G\u00e4be es jeden Tag nur eine, eine einzige Beerdigung pro Friedhof, w\u00e4ren das am Tag 32.000 Tote. Pro Woche 224.000, im Schnitt 960.000 im Monat. Eine fucking Million im Monat! Nach nur einem Jahr w\u00e4ren das deutlich mehr als im ganzen 30j\u00e4hrigen Krieg ausgenullt sind! Und die hatten Krieg! Und Pest! Kannst du verdammt nochmal nicht rechnen? Was soll diese bl\u00f6de Frage, die \u00fcberhaupt keinen Sinn macht, au\u00dfer Stimmung zu machen, ansonsten aber komplett an jeder Form von Realit\u00e4t vorbeigeht?<\/p>\n\n\n\n<p class=\"has-background\" style=\"background-color:#d8d8d8\"><em>4. Warum sagt die Statistik, dass die Sterblichkeit im Jahre 2020 nicht zugenommen hat?<\/em><\/p>\n\n\n\n<p>Nimm die verdammte Papiert\u00fcte vom Kopf! Duh! Ist das nicht ein wenig schwierig, die Wirklichkeit zu ignorieren? Hier, wieder vom Statistischen Bundesamt: <\/p>\n\n\n\n<figure class=\"wp-block-image size-large\"><img loading=\"lazy\" decoding=\"async\" width=\"718\" height=\"424\" src=\"https:\/\/squishy-nobones.de\/wp-content\/uploads\/2021\/02\/grafik.png\" alt=\"\" class=\"wp-image-2126\" srcset=\"https:\/\/squishy-nobones.de\/wp-content\/uploads\/2021\/02\/grafik.png 718w, https:\/\/squishy-nobones.de\/wp-content\/uploads\/2021\/02\/grafik-300x177.png 300w\" sizes=\"(max-width: 718px) 100vw, 718px\" \/><\/figure>\n\n\n\n<p>Doof ist nat\u00fcrlich, dass zwischendrin ein alter, gesch\u00e4tzter Wert f\u00fcr 2020 durch die Gegend wabbelte, nach dem es so aussah, als g\u00e4be es sogar weniger Tote. Nochmal f\u00fcr dich: Der Wert war gesch\u00e4tzt! Die Zahl ist veraltet! Da gibt es kein Aber, die Zahl ist veralteter Pr\u00e4-Covid-M\u00fcll. Nerv nicht mit dem Schrott!<\/p>\n\n\n\n<p class=\"has-background\" style=\"background-color:#d8d8d8\"><em>5. Wohin sind die Influenza-Toten verschwunden?<\/em><\/p>\n\n\n\n<p>Auf einem von 32.000 Friedh\u00f6fen vielleicht? Aber wahrscheinlich soll das diese doofe Frage sein, ob nun die Grippe einfach in Corona umbenannt wurde oder die Grippetoten in die Corona-Statistik mit aufgenommen wurden. Darauf kann man antworten, dass es an den Hygiene-Ma\u00dfnahmen liegt: H\u00e4nde waschen, Masken&#8230; Und schon kommt der halbgare, minderintelligente Mensch wie ein Jack-In-A-Box hervorgeh\u00fcpft und fragt &#8222;Jahaaa! Aber warum wirkt das dann nicht gegen Corona? H\u00e4h? Dann m\u00fcsste das doch auch l\u00e4ngst weg sein, oder? Da stimmt doch was nicht, ne? Merkste selber, ne?&#8220;<\/p>\n\n\n\n<p>Ja, nee, du merkst leider inzwischen gar nichts mehr. Da Problem ist doch, dass Leute, die so argumentieren, ein sehr plump bin\u00e4res Denken haben. Ja oder nein, schwarz oder wei\u00df, an oder aus. Dazwischen geht nix, dazwischen gibt es nix. Das ist so hohl, da sch\u00fcttelt sogar ein Spulwurm mit dem Kopf. Vergleichen wir das mal mit einem gro\u00dfen Pflaster. Kleine Schnittwunde? Komplett dicht. St\u00e4rker blutende Platzwunde? Naja, besser als nix, hilft ein wenig, reicht nicht unbedingt und muss immer wieder getauscht werden. Grippe ist die kleine Schnittwunde. Die Ma\u00dfnahmen reichen, dass die Grippe kaum eine Chance hat. Kein H\u00e4ndesch\u00fctteln, kein Anniesen mehr. Meh, sagt die Grippe. Corona ist aber deutlich ansteckender als die Grippe, das Virus hartn\u00e4ckiger. Die Ma\u00dfnahmen helfen schon, aber am besten w\u00e4re, die Wunde zu n\u00e4hen oder einen fetten Druckverband draufzubatschen. Das w\u00e4re aber ein Totaler Lockdown mit Ausgangssperre und allem. <\/p>\n\n\n\n<p class=\"has-background\" style=\"background-color:#d8d8d8\"><em>6. Wenn der erste Lockdown wirkte, warum wiederholen wir ihn dann?<\/em><\/p>\n\n\n\n<p>Wieder so eine bratzige Frage. Der erste vom letzten Fr\u00fchjahr hat geholfen. Im Sommer war alles rosig. Aber dann kam der Herbst und die Leute hockten aufeinander und wurden \u00fcberm\u00fctig. Bumms, da war Corona wieder.<\/p>\n\n\n\n<p class=\"has-background\" style=\"background-color:#d8d8d8\"><em>7. Wenn die Lockdowns nicht wirken, warum wiederholen wir sie dann?<\/em><\/p>\n\n\n\n<p>Ist hier ein Echo? Aber die wirken doch! Der letzte Fr\u00fchjahrslockdown war super, hat die Neuinfektionen auf ein paar Hundert pro Tag reduziert. Der lasche Novemberlockdown hat das exponentielle Wachstum ausgebremst. Als die Leute dann wie bl\u00f6d Shoppen gegangen sind, wurde es wieder schlimmer, also versch\u00e4rfen, das hat zu Silvester nicht mehr so gut geklappt, aber seit Anfang\/Mitte Januar geht es rapide runter! Siehst du das nicht? <\/p>\n\n\n\n<p>Man kann den Lockdown nicht einfach f\u00fcr wirkungslos erkl\u00e4ren, nur weil man ihn nicht mag. Das ist d\u00e4mlich. Selten d\u00e4mlich. Da hier noch keiner von den verdammten Mutanten redet, gehe ich davon aus, dass vielleicht noch eine Fortsetzung von dem Ding hier notwendig sein wird&#8230; Denn die k\u00f6nnten alle positiven Entwicklungen nochmal kippen.<\/p>\n\n\n\n<p class=\"has-background\" style=\"background-color:#d8d8d8\"><em>8. Warum h\u00f6rt die Regierung nur auf die sehr kleine Auswahl der immer gleichen Experten und h\u00f6rt nicht auf die anerkannten Stimmen der Experten der Wissenschaft?<\/em><\/p>\n\n\n\n<p>&#8222;Die anerkannten Stimmen&#8230;&#8220; &#8211; &#8222;Experten der Wissenschaft&#8220; Ja&#8230; Komisch, keiner will mit diesen &#8222;anerkannten Stimmen&#8220; was zu tun haben. Man denkt da an den Kevin Pascal, der ja vielleicht ganz nett ist, sagt Mama. Warum spielt denn mit dem keiner? Spiel doch auch mal mit dem! Die andern sagen, der hat neulich Julian verpr\u00fcgelt? Mit der \u00fcberdimensionierten Nachbildung eines Gorillapimmels? Das sagt sicher nur eine kleine Auswahl an immer den gleichen Kindern&#8230;<\/p>\n\n\n\n<p>Knackund Backdi, Wolle Wutw\u00fcrg, Bodo Schiffbruch, die gefallenen Engel der Wissenschaft. Einst vielleicht anerkannt, nun sabbeln sie nur noch dem gr\u00f6lenden Mob nach der Fresse. Keiner mag sie mehr, au\u00dfer die verwirrten anderen aus der Gang vielleicht. Kann ja sein, dass sie mal f\u00fcr die Wissenschaft relevant waren, das sch\u00fctzt sie aber nicht davor, jetzt krudes Kroppzeug zu sabbeln, sodass sie au\u00dferhalb deiner verquasten Filterblase niemand mehr mit der Kneifzange anfassen will! Kritische Stimmen gibt es genug, nur kann Kritik auch mal differenziert sein. Wieder das gleiche Schwarz-Wei\u00df-Denken. Nur, wo ihr Streeck hinpacken sollt, wisst ihr nicht so recht. Mal meckert er an der Regierung rum, dann ist er euer Held (allerdings st\u00e4ndig im Fernsehen, komisch), dann zerrei\u00dft er Prof. Suckit Bukkake in der Luft und alle finden ihn wieder doof. <\/p>\n\n\n\n<p>Nebenbei, man h\u00f6rt auf den Konsens der breiten Masse, die allerdings ein paar wenige Sprecher hat, welche wieder die einzigen sind, die du wahrnimmst. Dass du die Realit\u00e4t in deiner Filterblase irgend wie verzerrt wahrnimmst und zum Beispiel auch meinst, die paarunddr\u00f6lfzig Tier- und Zahn\u00e4rzte, die mal irgendeine hahneb\u00fcchene Deklaration unterzeichnet haben, seien eine Mehrheit, ist fast schon putzig bei \u00fcber 400.000 praktizierenden \u00c4rzten und etwa 125.000 au\u00dfer Dienst. Dass du da nur ein paar verrentnerte Wichtigtuer und einen Heul-Bodo als &#8222;die anerkannten Stimmen der Experten der Wissenschaft&#8220; wahrnimmst, ist ganz alleine dein Problem.<\/p>\n\n\n\n<figure class=\"wp-block-image size-large\"><img loading=\"lazy\" decoding=\"async\" width=\"1024\" height=\"576\" src=\"https:\/\/squishy-nobones.de\/wp-content\/uploads\/2021\/02\/aufstehen-1024x576.jpg\" alt=\"\" class=\"wp-image-2153\" srcset=\"https:\/\/squishy-nobones.de\/wp-content\/uploads\/2021\/02\/aufstehen-1024x576.jpg 1024w, https:\/\/squishy-nobones.de\/wp-content\/uploads\/2021\/02\/aufstehen-300x169.jpg 300w, https:\/\/squishy-nobones.de\/wp-content\/uploads\/2021\/02\/aufstehen-768x432.jpg 768w, https:\/\/squishy-nobones.de\/wp-content\/uploads\/2021\/02\/aufstehen-350x197.jpg 350w, https:\/\/squishy-nobones.de\/wp-content\/uploads\/2021\/02\/aufstehen-860x484.jpg 860w, https:\/\/squishy-nobones.de\/wp-content\/uploads\/2021\/02\/aufstehen.jpg 1159w\" sizes=\"(max-width: 1024px) 100vw, 1024px\" \/><\/figure>\n\n\n\n<p><em>Anmerkung: Ich spiele hier auf die Intiative &#8222;<a href=\"https:\/\/blog.bastian-barucker.de\/2020\/11\/11\/aerzte-stehen-auf\/\">\u00c4rzte stehen auf<\/a>&#8220; an, bei der man sich genau so wie bei den &#8222;Eltern stehen auf&#8220; w\u00fcnscht, sie w\u00fcrden sich ganz schnell wieder hinsetzen. Die aufgestandenen \u00c4rzte sind 311 Unterzeichner. 311 bei 525.000 \u00c4rzten in Deutschland. Wahnsinn! Wie viele Virologen oder Epidemiologen waren dabei? Richtig: Null. Wie viele Lungenfach\u00e4rzte oder Pulmologen? Auch wieder richtig: Null. Wer sind dann die Unterzeichner, wer sind die &#8222;Experten&#8220;? Eine bunte T\u00fcte nicht-Experten, darunter 53 Zahn\u00e4rzte, 9 Tier\u00e4rzte, 5 Physiotherapeuten, 4 Heilpraktiker und eine Bademeisterin&#8230;&nbsp;<\/em><\/p>\n\n\n\n<p class=\"has-background\" style=\"background-color:#d8d8d8\"><em>9. Warum sehen wir im Fernseher \u00fcberf\u00fcllte Intensivstationen, wenn sie in der Realit\u00e4t nicht \u00fcberf\u00fcllt sind?<\/em><\/p>\n\n\n\n<p>Sach mal, wo kommen diese albernen Informationen her? Welche Intensivstation in welchem Krankenhaus? Und alle? Oder nur ein paar? Und wo im Fernsehen? Die sind alle unterschiedlich und nebenbei haben nicht alle Krankenh\u00e4user Covid-Stationen. Schau doch mal ins <a href=\"https:\/\/www.intensivregister.de\/#\/index\">Intensivregister<\/a>, da bekommt man einen \u00dcberblick \u00fcber alle Krankenh\u00e4user und ihre Belegung. <\/p>\n\n\n\n<p>Und \u00fcberhaupt: Das ist doch wieder das dumme Pr\u00e4ventionsparadoxon. Wenn (!) die nicht \u00fcberf\u00fcllt sind, haben wir drei M\u00f6glichkeiten:<\/p>\n\n\n\n<ol class=\"wp-block-list\"><li>Die Ma\u00dfnahmen wirken halt gut genug, um eben inzwischen keinen Notstand zu haben, was ja doch toll w\u00e4re.<\/li><li>Corona ist gar nicht so schlimm. Fragt sich, wo die ganze \u00dcbersterblichkeit herkommt, die wir ja wohl haben, auch wenn du anderes behauptest. Das kannst du aber lange behaupten, wird nicht besser, es sei denn&#8230;<\/li><li>Alles ist gelogen. Aber auch wirklich alles! Und alle Regierungen stecken mit der ganzen &#8222;kleinen Auswahl&#8220; an Wissenschaftlern unter einer Decke: China mit den USA und Brasilien mit Spanien, Italien mit Russland&#8230; Tausende, nein Millionen Mitwisser und doch kein Beweise, nur krude zurechtgedeutete Hinweise, die nicht wirklich eindeutig sind? Wirklich? Das soll jemand ernsthaft glauben?<\/li><\/ol>\n\n\n\n<p class=\"has-background\" style=\"background-color:#d8d8d8\"><em>10. Warum haben ausgebildete Krankenschwestern keine Arbeit und warum schlie\u00dfen Kliniken wegen Unterbelastung?<\/em><\/p>\n\n\n\n<p>Och n\u00f6, nicht das schon wieder. Zuerst einmal haben weniger Kliniken geschlossen als du denkst. Da wurden welche zusammengelegt und deswegen andere Standorte dicht gemacht. Wieder andere waren schlichtweg nicht ausgelastet. Und eine orthop\u00e4dische Reha-Klinik hilft bei Covid so gar nichts. Da gibt es inzwischen genug Berichte dr\u00fcber. Geh weg mit der ollen Kamelle.<\/p>\n\n\n\n<p>Au\u00dferdem: Die Leute sind weniger unterwegs, also gehen auch ein paar Unfallrisiken zur\u00fcck. Nicht alle, aber einige. Genug, dass es weniger Patienten auf einigen Stationen gibt. Man kann sich nicht beschweren, dass einerseits die Skipisten zu bleiben, andererseits sich wundern, dass es insgesamt weniger Leute auf den Unfallstationen gibt. Die zwei Zentimeter muss man doch schon denken k\u00f6nnen. Auch mit nur einem Gehirn!<\/p>\n\n\n\n<p>Und wenn Intensivpflege gebraucht wird, bringt es nix, wenn man Kinderkrankenschwester gelernt hat. Dann hat man wohl einfach mal weniger zu tun. Die Blagen sitzen eh alle sicher und warm zu hause.<\/p>\n\n\n\n<p class=\"has-background\" style=\"background-color:#d8d8d8\"><em>11. Warum haben Regierungen auf der ganzen Welt den PCR-Test schon 2018 bestellt?<\/em><\/p>\n\n\n\n<p>Das ist mal eine interessante Frage, die einen, wenn es denn stimmen sollte, stutzig machen muss. Klar, man kann alles, wirklich alles behaupten, wenn man Lust hat, belegen muss man ja nix. Na gut, ich musste dieser Sache erst einmal hinterherforschen, fand dann schlie\u00dflich eine <a href=\"https:\/\/www.reuters.com\/article\/uk-factcheck-covid-worldbank-2017-2018-idUSKBN26025U\">Meldung bei der Agentur Reuters<\/a> dazu. PCR-Tests werden ja schon lange mit gro\u00dfem Erfolg verwendet, um allerlei Krankheiten zu diagnostizieren. Warum meckert meine unbenannte Autorin eigentlich nicht dar\u00fcber, dass der PCR-Test angeblich ja gar nichts feststellen k\u00f6nne? Das machen die sonst doch so gerne! Aber gut, PCR-Tests werden seit langem durchgef\u00fchrt, die Proben werden mit immer dem gleichen Equipment entnommen und verarbeitet, nur auf ein anderes Ziel getestet. Laut Reuters ist das passiert: Man nehme Testkits, die 2017 oder 18 hergestellt und verkauft wurden. Die Kits sind vollkommen generisch, passen auf alle PCR-Tests. Nun kommt Corona, die olle Pestsau und man braucht die Kits f\u00fcr, naja, Corona. Also bappt man auf die Testkits einen Aufkleber drauf &#8222;f\u00fcr Corona&#8220;. Vor drei bis vier Jahren angeschafft hei\u00dft nicht, dass man vor drei bis vier Jahren schon von dieser Pandemie wusste. Nur, dass man da schon Testkits f\u00fcr PCR-Tests eingekauft hat. Die sind immer mal n\u00fctzlich.<\/p>\n\n\n\n<figure class=\"wp-block-image size-large\"><img loading=\"lazy\" decoding=\"async\" width=\"880\" height=\"495\" src=\"https:\/\/squishy-nobones.de\/wp-content\/uploads\/2021\/02\/pcr1.jpg\" alt=\"\" class=\"wp-image-2154\" srcset=\"https:\/\/squishy-nobones.de\/wp-content\/uploads\/2021\/02\/pcr1.jpg 880w, https:\/\/squishy-nobones.de\/wp-content\/uploads\/2021\/02\/pcr1-300x169.jpg 300w, https:\/\/squishy-nobones.de\/wp-content\/uploads\/2021\/02\/pcr1-768x432.jpg 768w, https:\/\/squishy-nobones.de\/wp-content\/uploads\/2021\/02\/pcr1-350x197.jpg 350w, https:\/\/squishy-nobones.de\/wp-content\/uploads\/2021\/02\/pcr1-860x484.jpg 860w\" sizes=\"(max-width: 880px) 100vw, 880px\" \/><\/figure>\n\n\n\n<p>Alternativ ist alles von langer Hand geplant. Je nachdem, welchen Spinner man fragt, um die Menschheit einfach zu impfen, zu chippen, zu t\u00f6ten oder versklaven, oder alles auf einmal, wobei t\u00f6ten und dann versklaven irgendwie keinen Sinn macht, um die Weltwirtschaft zu ruinieren oder nur in Deutschland eine Merkeldiktatur einzuf\u00fchren. Welche Geschichte mehr Sinn macht, ist euch \u00fcberlassen.<\/p>\n\n\n\n<p class=\"has-background\" style=\"background-color:#d8d8d8\"><em>12. Wenn Masken kontaminiert mit dem hochansteckenden Virus sind, warum sehen wir sie dann an jeder Stra\u00dfenecke liegen?<\/em><\/p>\n\n\n\n<p>Weil irgendein Idiot sie da hingeworfen hat? Von wegen, es g\u00e4be keine dummen Fragen! Du beweist das hier sehr eindr\u00fccklich. Aber nat\u00fcrlich soll die Frage was ganz anderes andeuten, das ich auch schon gelesen habe: Ob die vermeintlich kontaminierten Masken nicht entsetzlich gef\u00e4hrlicher Biom\u00fcll w\u00e4ren&#8230; <\/p>\n\n\n\n<p>Nein, sind sie nicht. Selbst wenn da Viren dran waren, die Biester gehen nach einer Weile an der frischen Luft kaputt. Das ist normal. geh\u00f6rt eigentlich schon zur Allgemeinbildung! W\u00fcrden Viren das nicht tun, h\u00e4ttet ihr l\u00e4ngst ein gigantisches Problem.<\/p>\n\n\n\n<p>Und nein, das hei\u00dft nicht, dass du Vollidiot jetzt alle deine gebrauchten Masken \u00fcberall hinschmei\u00dfen sollst. Die geh\u00f6ren in den M\u00fclleimer.<\/p>\n\n\n\n<p class=\"has-background\" style=\"background-color:#d8d8d8\"><em>13. Warum haben wir unterschiedliche Abstandsregeln von Land zu Land?<\/em><\/p>\n\n\n\n<p>Weil jeder Abstand schon hilft, jedes Land aber einen anderen f\u00fcr angemessen oder praktikabel h\u00e4lt. Siehe auch Frage 20&#8230;<\/p>\n\n\n\n<p class=\"has-background\" style=\"background-color:#d8d8d8\"><em>14. Wenn der Virus nicht von Kindern \u00fcbertragen wird, warum sind die Schulen geschlossen? <\/em><\/p>\n\n\n\n<p>Gegenfrage: Wenn Corona doch nur Menschen mit einem IQ unter 80 angreift, und bei geringerer Intelligenz immer t\u00f6dlicher wird, warum lebst du noch? <\/p>\n\n\n\n<p>Total interessante Diskussionsstrategie. Stumpf aber interessant. Einfach irgendwelchen Bullshit als Tatsache behaupten. Kinder \u00fcbertragen das Virus nicht? Definiere &#8222;Kinder&#8220;! Werden ab dem Alter von&#8230; sagen wir (je nachdem wie diese Definition ausf\u00e4llt) zehn, zw\u00f6lf, sechzehn, achtzehn Jahren eure Menschenblagen pl\u00f6tzlich infekti\u00f6s? Wei\u00df man das? Und \u00fcberhaupt, wo kommt diese Behauptung her, eure Bratzen seien gar nicht ansteckend? Alleine das ist doch schon falsch! Du kannst doch nicht einfach so einen Schrott behaupten und dann erwarten, dass du da eine ernsthafte Antwort bekommst!<\/p>\n\n\n\n<p class=\"has-background\" style=\"background-color:#d8d8d8\"><em>15. Wenn Masken wirken, warum haben wir sie nicht schon seit Jahren im Einsatz gegen die Grippe?<\/em><\/p>\n\n\n\n<p>W\u00e4re eine gute Idee. In Ostasien machen sie das sogar schon l\u00e4ngst so. Prima Plan. Schlag das doch mal den Politikern vor: Ab jetzt jede Grippesaison von Januar bis M\u00e4rz alle mit Maske! Danke f\u00fcr den Vorschlag, endlich bist du mal ansatzweise n\u00fctzlich. Tentakel hoch!<\/p>\n\n\n\n<p class=\"has-background\" style=\"background-color:#d8d8d8\"><em>16. Warum sehen wir Menschen nicht auf der Stra\u00dfe sterben?<\/em><\/p>\n\n\n\n<p>Siehe Fragen 1-4, du langweilige Lusche! Einfach mal rechnen! Ehrlich gesagt, ist das ziemlich geschmacklos, selbst f\u00fcr so eine brutale und grausame Kreatur wie euch Menschen. Wie viele sollen denn sterben? Wie viele h\u00e4ttest du gerne? Die t\u00e4glich mehr als 1.000 im Januar waren nicht genug? Nenn doch mal eine Zahl: Wie viele sollen sterben, damit du das endlich, endlich ernst nimmst?<\/p>\n\n\n\n<p class=\"has-background\" style=\"background-color:#d8d8d8\"><em>17. Warum sind gro\u00dfe Lebensmittelm\u00e4rkte auf, in denen Hunderte von Menschen gleichzeitig einkaufen gehen, w\u00e4hrend die kleinen L\u00e4den in der Innenstadt, die nur zwei\/drei Leute fassen k\u00f6nnen, zu sind?<\/em><\/p>\n\n\n\n<p>Respekt! Es braucht schon ein wenig Anstrengung, derart ignorant, wenn nicht gar hohl zu sein, um so eine beknackte Frage zu stellen. Na gut, beantworten wir sie mal trotzdem: <\/p>\n\n\n\n<p>Weil man Lebensmittel im Gegensatz zu der h\u00e4sslichen Deko, die du sonst in irgendwelchen bescheuerten Boutiquen kaufen w\u00fcrdest, zum Leben braucht! Grundg\u00fctiger! Wie verstrahlt muss man sein? Ernsthaft? Sollen wir jetzt lieber das kleine Schmuckl\u00e4dchen oder den Bayern\/HSV\/Hertha\/BVB\/Suchdirdochdeinenschei\u00dfvereinselberaus!-Shop aufmachen, daf\u00fcr aber die Superm\u00e4rkte dicht? Wirklich? <\/p>\n\n\n\n<p>Wo hast du diese Rohrkrepierer an Fragen her? Ist dir die Kiste mit K\u00fchlschrankmagneten ausgekippt?<\/p>\n\n\n\n<p class=\"has-background\" style=\"background-color:#d8d8d8\"><em>18. Warum werden mit dem PCR-Test positiv Getestete &#8222;Corona-F\u00e4lle&#8220; genannt und nicht einfach nur positiv Getestete?<\/em><\/p>\n\n\n\n<p>Mal davon abgesehen, dass sie auch so genannt werden, wie du das gerne h\u00e4ttest: Wir k\u00f6nnen sie auch &#8222;Bob&#8220; nennen. Was w\u00fcrde das \u00e4ndern?<\/p>\n\n\n\n<p class=\"has-background\" style=\"background-color:#d8d8d8\"><em>19. Warum vergisst man die Leute dar\u00fcber zu informieren, dass die WHO eingestanden hat, dass der PCR-Test nicht zuverl\u00e4ssig ist?<\/em><\/p>\n\n\n\n<p>Ich finde euch Menschen so witzig, wenn ihr meint, euch als &#8222;wohlinformierte&#8220; und &#8222;klug recherchierte&#8220; und &#8222;kritische&#8220; B\u00fcrger oder gar Menschen (!) zu etwas besserem hochstilisieren zu k\u00f6nnen, im n\u00e4chsten Moment allerdings zeigt, dass ihr D\u00f6del kaum besser seid als ein Papagei. Obwohl, der hat manchmal auch einfach keinen Bock. Ihr seid eher wie die bl\u00f6de Diktierfunktion an eurem Handy. Man brabbelt was rein und auf Knopfdruck wird das einfach wiederholt. Wieder und wieder.<\/p>\n\n\n\n<p>In diesem Fall geht es um eine <a href=\"https:\/\/www.who.int\/news\/item\/20-01-2021-who-information-notice-for-ivd-users-2020-05\">Information der WHO<\/a>, die nichts weiter sagt als &#8222;haltet euch bei den Tests bitte an die Gebrauchsanleitung, <em>sonst ist der Test unbrauchbar<\/em> &#8211; Und wenn das Ergebnis <em>nicht eindeutig<\/em> ist, dann macht lieber einen neuen, zur Sicherheit.&#8220; Wenn man aber nur &#8222;Test unbrauchbar&#8220; und &#8222;nicht eindeutig&#8220; liest, wird da dieser Mist draus. Und du hast es auf Knopfdruck wiederholt. Irgendwer hat &#8222;PCR&#8220; gesagt und das war dein Knopf. Was du nicht gemacht hast, ist dir die Quelle anzusehen, das nachzulesen, zu verstehen und vor allem <em>fucking kritisch zu sein<\/em>! Du bist ein dummes Diktierger\u00e4t und kein kritischer Denker! Passt ja ins Weltbild, also immer raus damit! Du willst ja schlie\u00dflich, dass das stimmt, da muss man ja gar nicht hinterfragen&#8230; Zum Fremdsch\u00e4men!<\/p>\n\n\n\n<p class=\"has-background\" style=\"background-color:#d8d8d8\"><em>20. Wenn ein Nieser bis zu zwei Meter gehen kann, warum halten wir anderthalb Meter Abstand?<\/em><\/p>\n\n\n\n<p>Keine Ahnung warum &#8222;ihr&#8220; wie viel Abstand haltet. Solange du mir wegbleibst&#8230; Ich hoffe, du h\u00e4ltst diese zwei Meter ein, aber bei dem, was du hier verzapfst und was du so erz\u00e4hlst, glaube ich kaum dran&#8230; Auch so ein cooles Beispiel f\u00fcr dieses bin\u00e4re Denken. Von deiner Nase aus (ich habe ja keine, praktisch, aber mein Schnabel ist empfindlich und dann erst die Gefahr von Tentakelpest&#8230; uiuiui&#8230;) geht ein solider Kegel Nasenrotz aus, der nach zwei Metern abrupt abbricht? Aber bei eineinhalb Metern bekommst du noch eine volle Breitseite des ganzen Glibbers ab? Und das bei allen Menschen vollkommen unabh\u00e4ngig von Niesgeschwindigkeit, Druck, Nasenlochtopografie zur m\u00f6glichen Dispersion der Materie&#8230; <\/p>\n\n\n\n<p>Bei eineinhalb Metern bist du wahrscheinlich schon ziemlich sicher, weil da in der Regel kaum noch was ankommt. Bei zwei Metern ist dann auch bei einer preisgekr\u00f6nten Schnodderschleuder in der Schwergewichtsklasse vorbei. <\/p>\n\n\n\n<p class=\"has-background\" style=\"background-color:#d8d8d8\"><em>21. Warum ist es okay, seine H\u00e4nde zehnmal am Tag zu desinfizieren, wenn das die Haut ma\u00dfgeblich sch\u00e4digt?<\/em><\/p>\n\n\n\n<p>Warum musst du deine H\u00e4nde zehnmal am Tag desinfizieren, wenn waschen bekanntlich reicht? Was machst du beruflich? Darmzotten z\u00e4hlen? Warum sind Chirurgen die Greifer nicht l\u00e4ngst abgefallen? Guck mal, bl\u00f6de Fragen kann ich auch stellen. Und jetzt pack das Desinfektionsmittel weg, wahrscheinlich stehst du nur auf den Geruch. Kauf dir lieber eine vern\u00fcnftige Seife, du Depp!<\/p>\n\n\n\n<p class=\"has-background\" style=\"background-color:#d8d8d8\"><em>22. Warum brauchen wir einen experimentellen Impfstoff f\u00fcr ein Virus mit einer \u00dcberlebensrate von 99,9 %?<\/em><\/p>\n\n\n\n<p>Wa? Woher hast du denn die Zahl? Einmal fr\u00f6hlich wie der Gro\u00dfe Querfurzico aus dem Rektum gezogen? In Deutschland sind mit Stand 16. Februar 2.342.843 Menschen positiv auf SARS-CoV-2 getestet. Davon sind 65.604 gestorben. Wie der <a href=\"https:\/\/www.aerzteblatt.de\/nachrichten\/115799\/COVID-19-bei-Mehrzahl-der-Betroffenen-auch-die-Todesursache\">deutsche Pathologenverband<\/a> herausgefunden hat, sind dabei etwa 83% urs\u00e4chlich an (nicht mit, ganz ausdr\u00fccklich nicht nur mit) Corona gestorben. Das sind mindestens (!) 54.415 durch Obduktion und nachfolgende Statistik  gesicherte Coronatote. Das bedeutet, dass 2,3% aller positiv getesteten an Covid-19 krepieren. Hie\u00dfe, es gibt eine \u00dcberlebensrate (wie auch immer dieses \u00dcberleben aussehen mag) von 97,7%. Das ist die 23-fache  Sterblichkeit dessen, was du da behauptet hast. Dyskalkulie ist therapierbar.<\/p>\n\n\n\n<p>Wahrscheinlich hast du die Zahl der Toten auf die Gesamtbev\u00f6lkerung gerechnet, was nat\u00fcrlich totaler Unfug ist. Oder du hast diese Zahl von irgendwie irgendwo vollkommen ungepr\u00fcft einfach \u00fcbernommen, weil das so sch\u00f6n in dein realit\u00e4tsfernes Weltbild passte. Das w\u00e4re zudem noch peinlich, weil, du bist ja voll am kritisch denken&#8230; <\/p>\n\n\n\n<p class=\"has-background\" style=\"background-color:#d8d8d8\"><em>23. Wenn der Impfstoff wirkt, warum kannst Du das Virus immer noch \u00fcbertragen?<\/em><\/p>\n\n\n\n<p>Also, ich erst einmal gar nicht. Du schon. Vielleicht. Ihr meckert doch die ganze Zeit herum, dass der Impfstoff zu schnell zugelassen worden ist, oder? Ja, die schnelle Zulassung bedeutet, dass man noch nicht sicher ist, ob nicht auch geimpfte noch in geringem Ma\u00dfe ansteckend sein k\u00f6nnten, wenn sie sich das Virus einfangen.<\/p>\n\n\n\n<p>Aber auch hier wieder extrem Schwarz-wei\u00df gedacht. Bei dir ist der Rotzkegel bei exakt zwei Metern zu Ende. Was gegen Grippe hilft, hilft exakt genau so gut gegen Corona. Das gilt \u00fcbrigens f\u00fcr Masken wie auch den Lockdown. Entweder es verschwinden sofort alle Neuinfektionen oder gar keine. Diese Denkweise ist ein wahrer intellektueller Offenbarungseid, weil man nicht in der Lage ist, Dinge mal in Abstufungen zu betrachten.<\/p>\n\n\n\n<p>Bei dir muss entsprechend die Spritze rein und sofort machen alle Viren einen gro\u00dfen Bogen um einen. Dass die Impfung erst einmal seine volle Wirkung entfalten muss, wen interessiert&#8217;s? Da sind ja F\u00e4lle in denen Leute den einen Tag geimpft werden und drei Tage sp\u00e4ter einer Infektion ausgesetzt sind, vielleicht sogar daran sterben gleich der Beweis, dass entweder die Spritze nicht wirkt oder dass sie vielmehr die Leute umgebracht hat und nicht Covid. Dass das Immunsystem mit voller Impfung auch die Viren erst einmal alle erwischen muss, dass die sich bis dahin aber erst einmal ausbreiten und vielleicht sogar noch jemanden anderen anstecken, passt nicht in dieses einfache Weltbild, in dem alles aussieht wie ein Schachbrett. Mit nur vier Feldern. Oder zwei.<\/p>\n\n\n\n<p>Wie schnell die Impfung wirkt und wie schnell der K\u00f6rper eine Infektion abwehrt, wie ansteckend man vielleicht zwischendrin noch ist, all das braucht noch ordentlich Zeit, um das gut beurteilen zu k\u00f6nnen. Man wei\u00df, die Impfung hilft, in Israel kann man die Wirkung einer guten Durchimpfungsrate sehen. Wegen des Restrisikos<\/p>\n\n\n\n<p class=\"has-background\" style=\"background-color:#d8d8d8\"><em>24. Wenn man geimpft ist, warum muss man weiterhin eine Maske tragen und Abstand halten?<\/em><\/p>\n\n\n\n<p>Warum stellst du praktisch die gleiche Frage noch einmal? Weil 25 Fragen netter sind als 24? Oder hast du vergessen, dass das gerade eben schon Thema war?<\/p>\n\n\n\n<p class=\"has-background\" style=\"background-color:#d8d8d8\"><em>25. Wie viele Menschen kennst Du pers\u00f6nlich, die an Corona gestorben sind, wie viele kennst Du, die an Impfsch\u00e4den leiden?<\/em><\/p>\n\n\n\n<p>Ich bin Tintenfisch und gehe kaum unter Leute, also null und null. Wenn dein Argument jetzt ist, dass also niemand an Corona stirbt, nur weil ich keinen kenne, dann gibt es auch keine Impfsch\u00e4den. Und auf Neuseeland bin ich auch noch nicht gewesen. Nicht einmal vorbeigeschwommen. Also ist die ganze Herr der Ringe Trilogie ein Fake! Ich habe \u00fcbrigens auch noch nie <em>Pretty Woman<\/em> gesehen. Den Film gibt es entsprechend nicht. Die Frage ist nat\u00fcrlich auch immer, was du unter &#8222;Impfsch\u00e4den&#8220; verstehst. Die normalen Nebenwirkungen wie Schwindel, Fieber, Kopfschmerzen, die am n\u00e4chsten Tag auftauchen und vor allem ein Zeichen f\u00fcr eine Immunantwort des K\u00f6rpers sind? Oder geht es vielmehr um eingebildete Tote durch die Impfung, die aber nicht nachgewiesen wurden. Aber mit imagin\u00e4ren Leichen habt ihr es ja eh, seien es Doctor Heulbojes maskentote Kinder oder die herbeigew\u00fcnschten Leichenberge&#8230; <\/p>\n\n\n\n<p>Und damit zur Bonusrunde!<\/p>\n\n\n\n<p class=\"has-background\" style=\"background-color:#d8d8d8\"><em>Frage Dich, wenn Du das n\u00e4chste Mal das Haus verl\u00e4sst, ob Du wirklich einer t\u00f6dlichen Pandemie gegen\u00fcberstehst.<\/em><\/p>\n\n\n\n<p>Ich nicht. Ich bin ein Tintenfisch. Du schon. Du bist ein Mensch. Und ein ziemlich dummes Exemplar noch dazu&#8230;<\/p>\n\n\n\n<hr class=\"wp-block-separator\"\/>\n\n\n\n<p>Grafiken, die im Video verwendet wurden, sofern es keine Screenshots sind, die im Text direkt verlinkt wurden:<\/p>\n\n\n\n<ul class=\"wp-block-list\"><li>Papagei: Photo by <a href=\"https:\/\/unsplash.com\/@camiloayala?utm_source=unsplash&amp;utm_medium=referral&amp;utm_content=creditCopyText\">Camilo Ayala<\/a> on <a href=\"https:\/\/unsplash.com\/s\/photos\/parrot?utm_source=unsplash&amp;utm_medium=referral&amp;utm_content=creditCopyText\">Unsplash<\/a><\/li><li>Krankenwagen: Photo by <a href=\"https:\/\/unsplash.com\/@camstejim?utm_source=unsplash&amp;utm_medium=referral&amp;utm_content=creditCopyText\">camilo jimenez<\/a> on <a href=\"https:\/\/unsplash.com\/s\/photos\/ambulance?utm_source=unsplash&amp;utm_medium=referral&amp;utm_content=creditCopyText\">Unsplash<\/a><\/li><li>Impfstoff (1): Photo by <a href=\"https:\/\/unsplash.com\/@hakannural?utm_source=unsplash&amp;utm_medium=referral&amp;utm_content=creditCopyText\">Hakan Nural<\/a> on <a href=\"https:\/\/unsplash.com\/s\/photos\/vaccine?utm_source=unsplash&amp;utm_medium=referral&amp;utm_content=creditCopyText\">Unsplash<\/a><\/li><li>Impfstoff (2): Photo by <a href=\"https:\/\/unsplash.com\/@schluditsch?utm_source=unsplash&amp;utm_medium=referral&amp;utm_content=creditCopyText\">Daniel Schludi<\/a> on <a href=\"https:\/\/unsplash.com\/s\/photos\/vaccine?utm_source=unsplash&amp;utm_medium=referral&amp;utm_content=creditCopyText\">Unsplash<\/a><\/li><li>Gorilla: Photo by <a href=\"https:\/\/unsplash.com\/@veverkolog?utm_source=unsplash&amp;utm_medium=referral&amp;utm_content=creditCopyText\">Dusan veverkolog<\/a> on <a href=\"https:\/\/unsplash.com\/s\/photos\/gorilla?utm_source=unsplash&amp;utm_medium=referral&amp;utm_content=creditCopyText\">Unsplash<\/a><\/li><li>Taschent\u00fccher: Photo by <a href=\"https:\/\/unsplash.com\/@diana_pole?utm_source=unsplash&amp;utm_medium=referral&amp;utm_content=creditCopyText\">Diana Polekhina<\/a> on <a href=\"https:\/\/unsplash.com\/s\/photos\/handkerchief?utm_source=unsplash&amp;utm_medium=referral&amp;utm_content=creditCopyText\">Unsplash<\/a><\/li><li>Handy: Photo by <a href=\"https:\/\/unsplash.com\/@frostroomhead?utm_source=unsplash&amp;utm_medium=referral&amp;utm_content=creditCopyText\">Rodion Kutsaev<\/a> on <a href=\"https:\/\/unsplash.com\/s\/photos\/mobile-phone?utm_source=unsplash&amp;utm_medium=referral&amp;utm_content=creditCopyText\">Unsplash<\/a><\/li><li>Wundverband: Photo by <a href=\"https:\/\/unsplash.com\/@diana_pole?utm_source=unsplash&amp;utm_medium=referral&amp;utm_content=creditCopyText\">Diana Polekhina<\/a> on <a href=\"https:\/\/unsplash.com\/s\/photos\/wound?utm_source=unsplash&amp;utm_medium=referral&amp;utm_content=creditCopyText\">Unsplash<\/a><\/li><li>Nieser: Foto von <a href=\"https:\/\/www.pexels.com\/de-de\/@cottonbro?utm_content=attributionCopyText&amp;utm_medium=referral&amp;utm_source=pexels\">cottonbro<\/a> von <a href=\"https:\/\/www.pexels.com\/de-de\/foto\/kalt-dammerung-menschen-frau-6865171\/?utm_content=attributionCopyText&amp;utm_medium=referral&amp;utm_source=pexels\">Pexels<\/a><\/li><li>Jack in a box: <a href=\"https:\/\/de.wikipedia.org\/wiki\/Schachtelteufel#\/media\/Datei:Jack-in-the-box.jpg\">https:\/\/de.wikipedia.org\/wiki\/Schachtelteufel#\/media\/Datei:Jack-in-the-box.jpg<\/a><\/li><li>Pandemieverlauf: <a href=\"https:\/\/www.zeit.de\/wissen\/gesundheit\/coronavirus-echtzeit-karte-deutschland-landkreise-infektionen-ausbreitung\">Zeit.de<\/a>, eigene Hervorhebungen<\/li><li>\u00dcbersterblichkeit: <a href=\"https:\/\/www.destatis.de\/DE\/Themen\/Querschnitt\/Corona\/_Grafik\/_Interaktiv\/woechentliche-sterbefallzahlen-jahre.html?nn=209016\">Statistisches Bundesamt<\/a><\/li><li>Zahl deutscher \u00c4rzte: <a href=\"https:\/\/de.statista.com\/statistik\/daten\/studie\/158869\/umfrage\/anzahl-der-aerzte-in-deutschland-seit-1990\/\">Statistisches Bundesamt<\/a><\/li><li>H\u00e4nde waschen: Photo by <a href=\"https:\/\/unsplash.com\/@curology?utm_source=unsplash&amp;utm_medium=referral&amp;utm_content=creditCopyText\">Curology<\/a> on <a href=\"https:\/\/unsplash.com\/s\/photos\/face-mask?utm_source=unsplash&amp;utm_medium=referral&amp;utm_content=creditCopyText\">Unsplash<\/a><\/li><li>Hygiene: Photo by <a href=\"https:\/\/unsplash.com\/@taiscaptures?utm_source=unsplash&amp;utm_medium=referral&amp;utm_content=creditCopyText\">Tai&#8217;s Captures<\/a> on <a href=\"https:\/\/unsplash.com\/s\/photos\/mask?utm_source=unsplash&amp;utm_medium=referral&amp;utm_content=creditCopyText\">Unsplash<\/a><\/li><li>Testkit: Photo by <a href=\"https:\/\/unsplash.com\/@anniespratt?utm_source=unsplash&amp;utm_medium=referral&amp;utm_content=creditCopyText\">Annie Spratt<\/a> on <a href=\"https:\/\/unsplash.com\/s\/photos\/biohazard?utm_source=unsplash&amp;utm_medium=referral&amp;utm_content=creditCopyText\">Unsplash<\/a><\/li><li>Friedhof: Photo by <a href=\"https:\/\/unsplash.com\/@diywm?utm_source=unsplash&amp;utm_medium=referral&amp;utm_content=creditCopyText\">Elizabeth Jamieson<\/a> on <a href=\"https:\/\/unsplash.com\/s\/photos\/graveyard?utm_source=unsplash&amp;utm_medium=referral&amp;utm_content=creditCopyText\">Unsplash<\/a><\/li><li>Maske: Photo by <a href=\"https:\/\/unsplash.com\/@anshu18?utm_source=unsplash&amp;utm_medium=referral&amp;utm_content=creditCopyText\">Anshu A<\/a> on <a href=\"https:\/\/unsplash.com\/s\/photos\/face-mask?utm_source=unsplash&amp;utm_medium=referral&amp;utm_content=creditCopyText\">Unsplash<\/a><\/li><\/ul>\n","protected":false},"excerpt":{"rendered":"<p>HaLLo, ich bIn eS, Squishy, der getriggerte Tintenfisch. Immer wenn ich denke, komm, jetzt lass Corona mal Corona sein, geht mich als Tintenfisch ja eh <a class=\"more-link\" href=\"https:\/\/squishy-nobones.de\/?p=2125\">weiterlesen&#8230;<\/a><\/p>\n","protected":false},"author":1,"featured_media":2174,"comment_status":"closed","ping_status":"open","sticky":false,"template":"","format":"standard","meta":{"footnotes":""},"categories":[47,53,75,77],"tags":[],"class_list":["post-2125","post","type-post","status-publish","format-standard","has-post-thumbnail","hentry","category-aktuelles","category-gesellschaft","category-impfgegner","category-youtube"],"_links":{"self":[{"href":"https:\/\/squishy-nobones.de\/index.php?rest_route=\/wp\/v2\/posts\/2125"}],"collection":[{"href":"https:\/\/squishy-nobones.de\/index.php?rest_route=\/wp\/v2\/posts"}],"about":[{"href":"https:\/\/squishy-nobones.de\/index.php?rest_route=\/wp\/v2\/types\/post"}],"author":[{"embeddable":true,"href":"https:\/\/squishy-nobones.de\/index.php?rest_route=\/wp\/v2\/users\/1"}],"replies":[{"embeddable":true,"href":"https:\/\/squishy-nobones.de\/index.php?rest_route=%2Fwp%2Fv2%2Fcomments&post=2125"}],"version-history":[{"count":31,"href":"https:\/\/squishy-nobones.de\/index.php?rest_route=\/wp\/v2\/posts\/2125\/revisions"}],"predecessor-version":[{"id":2170,"href":"https:\/\/squishy-nobones.de\/index.php?rest_route=\/wp\/v2\/posts\/2125\/revisions\/2170"}],"wp:featuredmedia":[{"embeddable":true,"href":"https:\/\/squishy-nobones.de\/index.php?rest_route=\/wp\/v2\/media\/2174"}],"wp:attachment":[{"href":"https:\/\/squishy-nobones.de\/index.php?rest_route=%2Fwp%2Fv2%2Fmedia&parent=2125"}],"wp:term":[{"taxonomy":"category","embeddable":true,"href":"https:\/\/squishy-nobones.de\/index.php?rest_route=%2Fwp%2Fv2%2Fcategories&post=2125"},{"taxonomy":"post_tag","embeddable":true,"href":"https:\/\/squishy-nobones.de\/index.php?rest_route=%2Fwp%2Fv2%2Ftags&post=2125"}],"curies":[{"name":"wp","href":"https:\/\/api.w.org\/{rel}","templated":true}]}}